{"id":14263,"date":"2020-09-24T14:47:43","date_gmt":"2020-09-24T14:47:43","guid":{"rendered":"https:\/\/www.chemviron.eu\/chemviron-amplia-su-capacidad-de-reciclaje-de-carbon-activado-en-belgica\/"},"modified":"2026-03-02T07:22:38","modified_gmt":"2026-03-02T07:22:38","slug":"chemviron-amplia-su-capacidad-de-reciclaje-de-carbon-activado-en-belgica","status":"publish","type":"post","link":"https:\/\/www.chemviron.eu\/es\/chemviron-amplia-su-capacidad-de-reciclaje-de-carbon-activado-en-belgica\/","title":{"rendered":"Chemviron ampl\u00eda su capacidad de reciclaje de carb\u00f3n activado en B\u00e9lgica"},"content":{"rendered":"<p style=\"margin: 0px 0px 15px;\"><strong><span style=\"margin: 0px; color: rgb(81, 117, 148); font-family: \"Helvetica\",sans-serif; font-size: 19pt;\">Chemviron, las operaciones europeas de <\/span><\/strong><strong><span style=\"margin: 0px; color: rgb(81, 117, 148); font-family: \"Helvetica\",sans-serif; font-size: 19pt;\">Calgon Carbon<\/span><\/strong><strong><span style=\"margin: 0px; color: rgb(81, 117, 148); font-family: \"Helvetica\",sans-serif; font-size: 19pt;\">,<\/span><\/strong><strong><span style=\"margin: 0px; color: rgb(81, 117, 148); font-family: \"Helvetica\",sans-serif; font-size: 19pt;\"> ampl\u00eda su capacidad de reciclaje de carb\u00f3n activado <\/span><\/strong><strong><span style=\"margin: 0px; color: rgb(81, 117, 148); font-family: \"Helvetica\",sans-serif; font-size: 19pt;\"><\/span><strong><span style=\"margin: 0px; color: rgb(81, 117, 148); font-family: \"Helvetica\",sans-serif; font-size: 19pt;\">en B\u00e9lgica<\/span><\/strong><\/strong><\/p>\n<p style=\"margin: 0px 0px 15px; line-height: 20.4pt;\"><font size=\"3\"><span style=\"margin: 0px; color: black; font-family: \"Helvetica\",sans-serif;\">FELUY, BE<\/span><span style=\"margin: 0px; color: black; font-family: \"Helvetica\",sans-serif;\">  \u2013  <\/span><span style=\"margin: 0px; color: black; font-family: \"Helvetica\",sans-serif;\">24<\/span><span style=\"margin: 0px; color: black; font-family: \"Helvetica\",sans-serif;\">\/<\/span><span style=\"margin: 0px; color: black; font-family: \"Helvetica\",sans-serif;\">09<\/span><span style=\"margin: 0px; color: black; font-family: \"Helvetica\",sans-serif;\">\/2020<\/span><\/font><\/p>\n<p style=\"margin: 0px 0px 15px; line-height: 20.4pt;\"><em><span style=\"margin: 0px; color: black; font-family: \"Helvetica\",sans-serif;\"><font size=\"3\">El nuevo horno de reactivaci\u00f3n industrial permitir\u00e1 procesar 11.000 toneladas m\u00e9tricas adicionales de carb\u00f3n reactivado al a\u00f1o<\/font><\/span><\/em><span style=\"margin: 0px; color: black; font-family: \"Helvetica\",sans-serif;\"><\/span><\/p>\n<p style=\"margin: 0px 0px 8px 66.2px; line-height: 20.4pt; text-indent: -14.2pt;\"><span style=\"margin: 0px; color: black; font-family: Wingdings; font-size: 10pt;\"><span style=\"margin: 0px;\">\u00a7<span style=\"font: 7pt \"Times New Roman\"; margin: 0px; font-size-adjust: none; font-stretch: normal;\">  <\/span><\/span><\/span><em><span style=\"margin: 0px; color: black; font-family: \"Helvetica\",sans-serif;\"><font size=\"3\">Se prev\u00e9 que est\u00e9 operativo en el segundo semestre de 2022<\/font><\/span><\/em><span style=\"margin: 0px; color: black; font-family: \"Helvetica\",sans-serif;\"><\/span><\/p>\n<p style=\"margin: 0px 0px 8px 66.2px; line-height: 20.4pt; text-indent: -14.2pt;\"><span style=\"margin: 0px; color: black; font-family: Wingdings; font-size: 10pt;\"><span style=\"margin: 0px;\">\u00a7<span style=\"font: 7pt \"Times New Roman\"; margin: 0px; font-size-adjust: none; font-stretch: normal;\">  <\/span><\/span><\/span><em><span style=\"margin: 0px; color: black; font-family: \"Helvetica\",sans-serif;\"><font size=\"3\">Ayudar\u00e1 a los clientes a cumplir con las normativas europeas centradas en la sostenibilidad<\/font><\/span><\/em><span style=\"margin: 0px; color: black; font-family: \"Helvetica\",sans-serif;\"><\/span><\/p>\n<p style=\"margin: 0px 0px 15px; line-height: 20.4pt;\"><span style=\"margin: 0px; color: black; font-family: \"Helvetica\",sans-serif;\"><font size=\"3\">&nbsp;<\/font><\/span><\/p>\n<p style=\"margin: 0px 0px 15px; line-height: 20.4pt;\"><span style=\"margin: 0px; color: black; font-family: \"Helvetica\",sans-serif;\"><font size=\"3\">Calgon Carbon Corporation ha anunciado hoy que incorporar\u00e1 un horno de reactivaci\u00f3n industrial en sus instalaciones de Chemviron en Feluy, B\u00e9lgica. El centro de Feluy es la mayor instalaci\u00f3n de reactivaci\u00f3n del mundo, y este nuevo horno a\u00f1adir\u00e1 11.000 toneladas m\u00e9tricas anuales a la capacidad total del centro. <\/font><\/span><\/p>\n<p style=\"margin: 0px 0px 15px; line-height: 20.4pt;\"><span style=\"margin: 0px; color: black; font-family: \"Helvetica\",sans-serif;\"><font size=\"3\">El vicepresidente ejecutivo y director comercial, Jim Coccagno, afirm\u00f3: \u00abSe espera que el mercado de carb\u00f3n activado para aplicaciones industriales contin\u00fae creciendo. Este nuevo horno de reactivaci\u00f3n nos permitir\u00e1 satisfacer las necesidades de los clientes industriales europeos, evitando que m\u00e1s producto acabe en vertederos o incineradoras, y as\u00ed participar activamente en el uso sostenible de los recursos naturales y la reducci\u00f3n de CO <\/font><\/span><sub><span style=\"margin: 0px; color: black; font-family: \"Helvetica\",sans-serif; font-size: 8pt;\">2<\/span><\/sub><span style=\"margin: 0px; color: black; font-family: \"Helvetica\",sans-serif;\"><font size=\"3\">\u00bb.<\/font><\/span><\/p>\n<p style=\"margin: 0px 0px 15px; line-height: 20.4pt;\"><span style=\"margin: 0px; color: black; font-family: \"Helvetica\",sans-serif;\"><font size=\"3\">\u00abChemviron ha sido l\u00edder en reactivaci\u00f3n en Europa durante m\u00e1s de 80 a\u00f1os. Aqu\u00ed en B\u00e9lgica empezamos a reactivar carb\u00f3n gastado en 1974\u00bb, afirm\u00f3 Reinier Keijzer, presidente de Chemviron. \u00abEste nuevo horno de solera m\u00faltiple garantizar\u00e1 que Chemviron contin\u00fae ofreciendo un servicio de reactivaci\u00f3n de m\u00e1xima calidad a sus clientes\u00bb. <\/font><\/span><\/p>\n<p style=\"margin: 0px 0px 15px; line-height: 20.4pt;\"><strong><span style=\"margin: 0px; color: black; font-family: \"Helvetica\",sans-serif;\"><font size=\"3\">Qu\u00e9 es la reactivaci\u00f3n o el reciclaje de carb\u00f3n<\/font><\/span><\/strong><span style=\"margin: 0px; color: black; font-family: \"Helvetica\",sans-serif;\"><\/span><\/p>\n<p style=\"margin: 0px 0px 15px; line-height: 20.4pt;\"><span style=\"margin: 0px; color: black; font-family: \"Helvetica\",sans-serif;\"><font size=\"3\">El carb\u00f3n activado se utiliza para adsorber una amplia gama de compuestos de l\u00edquidos y gases mediante un proceso conocido como \u00abadsorci\u00f3n\u00bb. A trav\u00e9s de la adsorci\u00f3n, las mol\u00e9culas contenidas en l\u00edquidos o gases son atra\u00eddas y retenidas en una superficie s\u00f3lida. <\/font><\/span><\/p>\n<p style=\"margin: 0px 0px 15px; line-height: 20.4pt;\"><span style=\"margin: 0px; color: black; font-family: \"Helvetica\",sans-serif;\"><font size=\"3\">Una vez que el carb\u00f3n activado se satura, o se alcanza el objetivo del tratamiento, se denomina \u00abcarb\u00f3n gastado\u00bb. El carb\u00f3n gastado no tiene suficiente capacidad de adsorci\u00f3n para la aplicaci\u00f3n prevista. <\/font><\/span><\/p>\n<p style=\"margin: 0px 0px 15px; line-height: 20.4pt;\"><span style=\"margin: 0px; color: black; font-family: \"Helvetica\",sans-serif;\"><font size=\"3\">A diferencia de las formas pulverizadas de carb\u00f3n activado, el carb\u00f3n granular y extruido gastado puede reciclarse normalmente mediante reactivaci\u00f3n t\u00e9rmica para su reutilizaci\u00f3n. La reactivaci\u00f3n es un proceso definido como \u00abel retorno del carb\u00f3n gastado a un nivel de actividad aceptable necesario para la aplicaci\u00f3n en la que se utiliza\u00bb. <\/font><\/span><\/p>\n<p style=\"margin: 0px 0px 15px; line-height: 20.4pt;\"><span style=\"margin: 0px; color: black; font-family: \"Helvetica\",sans-serif;\"><font size=\"3\">La reactivaci\u00f3n consiste en tratar el carb\u00f3n agotado en un horno de reactivaci\u00f3n de alta temperatura, alcanzando temperaturas de hasta 950 \u00b0C, controlando cuidadosamente par\u00e1metros operativos como el tiempo de residencia, el perfil de temperatura y la composici\u00f3n del gas. Durante este proceso de tratamiento, los compuestos org\u00e1nicos indeseables del carb\u00f3n se destruyen t\u00e9rmicamente. <\/font><\/span><\/p>\n<p style=\"margin: 0px 0px 15px; line-height: 20.4pt;\"><strong><span style=\"margin: 0px; color: black; font-family: \"Helvetica\",sans-serif;\"><font size=\"3\">Acerca de Calgon Carbon Corporation<\/font><\/span><\/strong><span style=\"margin: 0px; color: black; font-family: \"Helvetica\",sans-serif;\"><\/span><\/p>\n<p style=\"margin: 0px 0px 15px; line-height: 20.4pt;\"><span style=\"margin: 0px; color: black; font-family: \"Helvetica\",sans-serif;\"><font size=\"3\">Calgon Carbon, filial de propiedad total de Kuraray Co., Ltd. (TYO: 3405) (Kuraray), es l\u00edder mundial en la fabricaci\u00f3n y distribuci\u00f3n de productos innovadores de carb\u00f3n activado a base de carb\u00f3n mineral, madera y coco \u2014en forma granular, pulverizada, peletizada y en tela\u2014 para satisfacer las exigencias de purificaci\u00f3n m\u00e1s desafiantes de clientes de todo el mundo.&nbsp;  Complementado por sistemas y capacidades de servicio de equipos de purificaci\u00f3n y desinfecci\u00f3n de carb\u00f3n activado y luz ultravioleta (UV) de categor\u00eda mundial, as\u00ed como tierras de diatomeas y perlitas, Calgon Carbon proporciona soluciones de purificaci\u00f3n para m\u00e1s de 700 aplicaciones distintas, incluidas agua potable, aguas residuales, reducci\u00f3n de la contaminaci\u00f3n y una variedad de procesos de fabricaci\u00f3n industrial y comercial.<\/font><\/span><\/p>\n<p style=\"margin: 0px 0px 15px; line-height: 20.4pt;\"><span style=\"margin: 0px; color: black; font-family: \"Helvetica\",sans-serif;\"><font size=\"3\">Con sede en Pittsburgh, Pensilvania, Calgon Carbon emplea aproximadamente a 1.350 personas y opera 20 instalaciones de fabricaci\u00f3n, reactivaci\u00f3n, innovaci\u00f3n y fabricaci\u00f3n de equipos en EE. UU., Asia y Europa, donde Calgon Carbon se conoce como Chemviron.<\/font><\/span><\/p>\n<p style=\"margin: 0px 0px 15px; line-height: 20.4pt;\"><span style=\"margin: 0px; color: black; font-family: \"Helvetica\",sans-serif;\"><font size=\"3\">Calgon Carbon fue adquirida por Kuraray en marzo de 2018. Con productos y servicios complementarios, la organizaci\u00f3n combinada continuar\u00e1 centr\u00e1ndose en proporcionar los productos, equipos y servicios de carb\u00f3n activado y medios de filtraci\u00f3n de la m\u00e1s alta calidad y m\u00e1s innovadores para satisfacer las necesidades de los clientes en cualquier parte del mundo. Para obtener m\u00e1s informaci\u00f3n, visite  <link http:=\"\"><span style=\"margin: 0px; color: rgb(37, 94, 145);\">&nbsp;calgoncarbon.com<\/span><\/link>&nbsp;o&nbsp;<link http:=\"\"><span style=\"margin: 0px; color: rgb(37, 94, 145);\">chemviron.eu<\/span><\/link>.<\/font><\/span><\/p>\n","protected":false},"excerpt":{"rendered":"<p>Calgon Carbon Corporation ha anunciado hoy que incorporar\u00e1 un horno de reactivaci\u00f3n industrial en sus instalaciones de Chemviron en Feluy, B\u00e9lgica. El centro de Feluy es la mayor instalaci\u00f3n de reactivaci\u00f3n del mundo, y este nuevo horno a\u00f1adir\u00e1 11.000 toneladas m\u00e9tricas anuales a la capacidad total del centro. <\/p>\n","protected":false},"author":2,"featured_media":0,"comment_status":"closed","ping_status":"closed","sticky":false,"template":"","format":"standard","meta":{"_acf_changed":false,"inline_featured_image":false,"footnotes":""},"categories":[7],"tags":[],"class_list":["post-14263","post","type-post","status-publish","format-standard","hentry","category-news-es"],"acf":[],"yoast_head":"<!-- This site is optimized with the Yoast SEO plugin v27.3 - https:\/\/yoast.com\/product\/yoast-seo-wordpress\/ -->\n<title>Chemviron ampl\u00eda su capacidad de reciclaje de carb\u00f3n activado en B\u00e9lgica - Chemviron<\/title>\n<meta name=\"robots\" content=\"index, follow, max-snippet:-1, max-image-preview:large, max-video-preview:-1\" \/>\n<link rel=\"canonical\" href=\"https:\/\/www.chemviron.eu\/es\/chemviron-amplia-su-capacidad-de-reciclaje-de-carbon-activado-en-belgica\/\" \/>\n<meta property=\"og:locale\" content=\"es_ES\" \/>\n<meta property=\"og:type\" content=\"article\" \/>\n<meta property=\"og:title\" content=\"Chemviron ampl\u00eda su capacidad de reciclaje de carb\u00f3n activado en B\u00e9lgica - Chemviron\" \/>\n<meta property=\"og:description\" content=\"Calgon Carbon Corporation ha anunciado hoy que incorporar\u00e1 un horno de reactivaci\u00f3n industrial en sus instalaciones de Chemviron en Feluy, B\u00e9lgica. El centro de Feluy es la mayor instalaci\u00f3n de reactivaci\u00f3n del mundo, y este nuevo horno a\u00f1adir\u00e1 11.000 toneladas m\u00e9tricas anuales a la capacidad total del centro.\" \/>\n<meta property=\"og:url\" content=\"https:\/\/www.chemviron.eu\/es\/chemviron-amplia-su-capacidad-de-reciclaje-de-carbon-activado-en-belgica\/\" \/>\n<meta property=\"og:site_name\" content=\"Chemviron\" \/>\n<meta property=\"article:published_time\" content=\"2020-09-24T14:47:43+00:00\" \/>\n<meta property=\"article:modified_time\" content=\"2026-03-02T07:22:38+00:00\" \/>\n<meta name=\"author\" content=\"Chemviron\" \/>\n<meta name=\"twitter:card\" content=\"summary_large_image\" \/>\n<meta name=\"twitter:label1\" content=\"Escrito por\" \/>\n\t<meta name=\"twitter:data1\" content=\"Chemviron\" \/>\n\t<meta name=\"twitter:label2\" content=\"Tiempo de lectura\" \/>\n\t<meta name=\"twitter:data2\" content=\"4 minutos\" \/>\n<script type=\"application\/ld+json\" class=\"yoast-schema-graph\">{\"@context\":\"https:\\\/\\\/schema.org\",\"@graph\":[{\"@type\":\"Article\",\"@id\":\"https:\\\/\\\/www.chemviron.eu\\\/es\\\/chemviron-amplia-su-capacidad-de-reciclaje-de-carbon-activado-en-belgica\\\/#article\",\"isPartOf\":{\"@id\":\"https:\\\/\\\/www.chemviron.eu\\\/es\\\/chemviron-amplia-su-capacidad-de-reciclaje-de-carbon-activado-en-belgica\\\/\"},\"author\":{\"name\":\"Chemviron\",\"@id\":\"https:\\\/\\\/www.chemviron.eu\\\/es\\\/#\\\/schema\\\/person\\\/7ef5686764885d1533bafd1267b3d36b\"},\"headline\":\"Chemviron ampl\u00eda su capacidad de reciclaje de carb\u00f3n activado en B\u00e9lgica\",\"datePublished\":\"2020-09-24T14:47:43+00:00\",\"dateModified\":\"2026-03-02T07:22:38+00:00\",\"mainEntityOfPage\":{\"@id\":\"https:\\\/\\\/www.chemviron.eu\\\/es\\\/chemviron-amplia-su-capacidad-de-reciclaje-de-carbon-activado-en-belgica\\\/\"},\"wordCount\":730,\"publisher\":{\"@id\":\"https:\\\/\\\/www.chemviron.eu\\\/es\\\/#organization\"},\"articleSection\":[\"News\"],\"inLanguage\":\"es\"},{\"@type\":\"WebPage\",\"@id\":\"https:\\\/\\\/www.chemviron.eu\\\/es\\\/chemviron-amplia-su-capacidad-de-reciclaje-de-carbon-activado-en-belgica\\\/\",\"url\":\"https:\\\/\\\/www.chemviron.eu\\\/es\\\/chemviron-amplia-su-capacidad-de-reciclaje-de-carbon-activado-en-belgica\\\/\",\"name\":\"Chemviron ampl\u00eda su capacidad de reciclaje de carb\u00f3n activado en B\u00e9lgica - Chemviron\",\"isPartOf\":{\"@id\":\"https:\\\/\\\/www.chemviron.eu\\\/es\\\/#website\"},\"datePublished\":\"2020-09-24T14:47:43+00:00\",\"dateModified\":\"2026-03-02T07:22:38+00:00\",\"breadcrumb\":{\"@id\":\"https:\\\/\\\/www.chemviron.eu\\\/es\\\/chemviron-amplia-su-capacidad-de-reciclaje-de-carbon-activado-en-belgica\\\/#breadcrumb\"},\"inLanguage\":\"es\",\"potentialAction\":[{\"@type\":\"ReadAction\",\"target\":[\"https:\\\/\\\/www.chemviron.eu\\\/es\\\/chemviron-amplia-su-capacidad-de-reciclaje-de-carbon-activado-en-belgica\\\/\"]}]},{\"@type\":\"BreadcrumbList\",\"@id\":\"https:\\\/\\\/www.chemviron.eu\\\/es\\\/chemviron-amplia-su-capacidad-de-reciclaje-de-carbon-activado-en-belgica\\\/#breadcrumb\",\"itemListElement\":[{\"@type\":\"ListItem\",\"position\":1,\"name\":\"Home\",\"item\":\"https:\\\/\\\/www.chemviron.eu\\\/es\\\/\"},{\"@type\":\"ListItem\",\"position\":2,\"name\":\"Chemviron ampl\u00eda su capacidad de reciclaje de carb\u00f3n activado en B\u00e9lgica\"}]},{\"@type\":\"WebSite\",\"@id\":\"https:\\\/\\\/www.chemviron.eu\\\/es\\\/#website\",\"url\":\"https:\\\/\\\/www.chemviron.eu\\\/es\\\/\",\"name\":\"Chemviron\",\"description\":\"The Purification Solutions Provider\",\"publisher\":{\"@id\":\"https:\\\/\\\/www.chemviron.eu\\\/es\\\/#organization\"},\"potentialAction\":[{\"@type\":\"SearchAction\",\"target\":{\"@type\":\"EntryPoint\",\"urlTemplate\":\"https:\\\/\\\/www.chemviron.eu\\\/es\\\/?s={search_term_string}\"},\"query-input\":{\"@type\":\"PropertyValueSpecification\",\"valueRequired\":true,\"valueName\":\"search_term_string\"}}],\"inLanguage\":\"es\"},{\"@type\":\"Organization\",\"@id\":\"https:\\\/\\\/www.chemviron.eu\\\/es\\\/#organization\",\"name\":\"Chemviron\",\"url\":\"https:\\\/\\\/www.chemviron.eu\\\/es\\\/\",\"logo\":{\"@type\":\"ImageObject\",\"inLanguage\":\"es\",\"@id\":\"https:\\\/\\\/www.chemviron.eu\\\/es\\\/#\\\/schema\\\/logo\\\/image\\\/\",\"url\":\"https:\\\/\\\/www.chemviron.eu\\\/wp-content\\\/uploads\\\/2023\\\/12\\\/Chemviron-logo.jpg\",\"contentUrl\":\"https:\\\/\\\/www.chemviron.eu\\\/wp-content\\\/uploads\\\/2023\\\/12\\\/Chemviron-logo.jpg\",\"width\":1667,\"height\":833,\"caption\":\"Chemviron\"},\"image\":{\"@id\":\"https:\\\/\\\/www.chemviron.eu\\\/es\\\/#\\\/schema\\\/logo\\\/image\\\/\"},\"sameAs\":[\"https:\\\/\\\/www.linkedin.com\\\/company\\\/chemviron\\\/\"]},{\"@type\":\"Person\",\"@id\":\"https:\\\/\\\/www.chemviron.eu\\\/es\\\/#\\\/schema\\\/person\\\/7ef5686764885d1533bafd1267b3d36b\",\"name\":\"Chemviron\",\"image\":{\"@type\":\"ImageObject\",\"inLanguage\":\"es\",\"@id\":\"https:\\\/\\\/www.chemviron.eu\\\/wp-content\\\/litespeed\\\/avatar\\\/44ca56ccb3b3e6a515eef728ad611f08.jpg?ver=1777644165\",\"url\":\"https:\\\/\\\/www.chemviron.eu\\\/wp-content\\\/litespeed\\\/avatar\\\/44ca56ccb3b3e6a515eef728ad611f08.jpg?ver=1777644165\",\"contentUrl\":\"https:\\\/\\\/www.chemviron.eu\\\/wp-content\\\/litespeed\\\/avatar\\\/44ca56ccb3b3e6a515eef728ad611f08.jpg?ver=1777644165\",\"caption\":\"Chemviron\"},\"url\":\"https:\\\/\\\/www.chemviron.eu\\\/es\\\/author\\\/chemviron\\\/\"}]}<\/script>\n<!-- \/ Yoast SEO plugin. -->","yoast_head_json":{"title":"Chemviron ampl\u00eda su capacidad de reciclaje de carb\u00f3n activado en B\u00e9lgica - Chemviron","robots":{"index":"index","follow":"follow","max-snippet":"max-snippet:-1","max-image-preview":"max-image-preview:large","max-video-preview":"max-video-preview:-1"},"canonical":"https:\/\/www.chemviron.eu\/es\/chemviron-amplia-su-capacidad-de-reciclaje-de-carbon-activado-en-belgica\/","og_locale":"es_ES","og_type":"article","og_title":"Chemviron ampl\u00eda su capacidad de reciclaje de carb\u00f3n activado en B\u00e9lgica - Chemviron","og_description":"Calgon Carbon Corporation ha anunciado hoy que incorporar\u00e1 un horno de reactivaci\u00f3n industrial en sus instalaciones de Chemviron en Feluy, B\u00e9lgica. El centro de Feluy es la mayor instalaci\u00f3n de reactivaci\u00f3n del mundo, y este nuevo horno a\u00f1adir\u00e1 11.000 toneladas m\u00e9tricas anuales a la capacidad total del centro.","og_url":"https:\/\/www.chemviron.eu\/es\/chemviron-amplia-su-capacidad-de-reciclaje-de-carbon-activado-en-belgica\/","og_site_name":"Chemviron","article_published_time":"2020-09-24T14:47:43+00:00","article_modified_time":"2026-03-02T07:22:38+00:00","author":"Chemviron","twitter_card":"summary_large_image","twitter_misc":{"Escrito por":"Chemviron","Tiempo de lectura":"4 minutos"},"schema":{"@context":"https:\/\/schema.org","@graph":[{"@type":"Article","@id":"https:\/\/www.chemviron.eu\/es\/chemviron-amplia-su-capacidad-de-reciclaje-de-carbon-activado-en-belgica\/#article","isPartOf":{"@id":"https:\/\/www.chemviron.eu\/es\/chemviron-amplia-su-capacidad-de-reciclaje-de-carbon-activado-en-belgica\/"},"author":{"name":"Chemviron","@id":"https:\/\/www.chemviron.eu\/es\/#\/schema\/person\/7ef5686764885d1533bafd1267b3d36b"},"headline":"Chemviron ampl\u00eda su capacidad de reciclaje de carb\u00f3n activado en B\u00e9lgica","datePublished":"2020-09-24T14:47:43+00:00","dateModified":"2026-03-02T07:22:38+00:00","mainEntityOfPage":{"@id":"https:\/\/www.chemviron.eu\/es\/chemviron-amplia-su-capacidad-de-reciclaje-de-carbon-activado-en-belgica\/"},"wordCount":730,"publisher":{"@id":"https:\/\/www.chemviron.eu\/es\/#organization"},"articleSection":["News"],"inLanguage":"es"},{"@type":"WebPage","@id":"https:\/\/www.chemviron.eu\/es\/chemviron-amplia-su-capacidad-de-reciclaje-de-carbon-activado-en-belgica\/","url":"https:\/\/www.chemviron.eu\/es\/chemviron-amplia-su-capacidad-de-reciclaje-de-carbon-activado-en-belgica\/","name":"Chemviron ampl\u00eda su capacidad de reciclaje de carb\u00f3n activado en B\u00e9lgica - Chemviron","isPartOf":{"@id":"https:\/\/www.chemviron.eu\/es\/#website"},"datePublished":"2020-09-24T14:47:43+00:00","dateModified":"2026-03-02T07:22:38+00:00","breadcrumb":{"@id":"https:\/\/www.chemviron.eu\/es\/chemviron-amplia-su-capacidad-de-reciclaje-de-carbon-activado-en-belgica\/#breadcrumb"},"inLanguage":"es","potentialAction":[{"@type":"ReadAction","target":["https:\/\/www.chemviron.eu\/es\/chemviron-amplia-su-capacidad-de-reciclaje-de-carbon-activado-en-belgica\/"]}]},{"@type":"BreadcrumbList","@id":"https:\/\/www.chemviron.eu\/es\/chemviron-amplia-su-capacidad-de-reciclaje-de-carbon-activado-en-belgica\/#breadcrumb","itemListElement":[{"@type":"ListItem","position":1,"name":"Home","item":"https:\/\/www.chemviron.eu\/es\/"},{"@type":"ListItem","position":2,"name":"Chemviron ampl\u00eda su capacidad de reciclaje de carb\u00f3n activado en B\u00e9lgica"}]},{"@type":"WebSite","@id":"https:\/\/www.chemviron.eu\/es\/#website","url":"https:\/\/www.chemviron.eu\/es\/","name":"Chemviron","description":"The Purification Solutions Provider","publisher":{"@id":"https:\/\/www.chemviron.eu\/es\/#organization"},"potentialAction":[{"@type":"SearchAction","target":{"@type":"EntryPoint","urlTemplate":"https:\/\/www.chemviron.eu\/es\/?s={search_term_string}"},"query-input":{"@type":"PropertyValueSpecification","valueRequired":true,"valueName":"search_term_string"}}],"inLanguage":"es"},{"@type":"Organization","@id":"https:\/\/www.chemviron.eu\/es\/#organization","name":"Chemviron","url":"https:\/\/www.chemviron.eu\/es\/","logo":{"@type":"ImageObject","inLanguage":"es","@id":"https:\/\/www.chemviron.eu\/es\/#\/schema\/logo\/image\/","url":"https:\/\/www.chemviron.eu\/wp-content\/uploads\/2023\/12\/Chemviron-logo.jpg","contentUrl":"https:\/\/www.chemviron.eu\/wp-content\/uploads\/2023\/12\/Chemviron-logo.jpg","width":1667,"height":833,"caption":"Chemviron"},"image":{"@id":"https:\/\/www.chemviron.eu\/es\/#\/schema\/logo\/image\/"},"sameAs":["https:\/\/www.linkedin.com\/company\/chemviron\/"]},{"@type":"Person","@id":"https:\/\/www.chemviron.eu\/es\/#\/schema\/person\/7ef5686764885d1533bafd1267b3d36b","name":"Chemviron","image":{"@type":"ImageObject","inLanguage":"es","@id":"https:\/\/www.chemviron.eu\/wp-content\/litespeed\/avatar\/44ca56ccb3b3e6a515eef728ad611f08.jpg?ver=1777644165","url":"https:\/\/www.chemviron.eu\/wp-content\/litespeed\/avatar\/44ca56ccb3b3e6a515eef728ad611f08.jpg?ver=1777644165","contentUrl":"https:\/\/www.chemviron.eu\/wp-content\/litespeed\/avatar\/44ca56ccb3b3e6a515eef728ad611f08.jpg?ver=1777644165","caption":"Chemviron"},"url":"https:\/\/www.chemviron.eu\/es\/author\/chemviron\/"}]}},"_links":{"self":[{"href":"https:\/\/www.chemviron.eu\/es\/wp-json\/wp\/v2\/posts\/14263","targetHints":{"allow":["GET"]}}],"collection":[{"href":"https:\/\/www.chemviron.eu\/es\/wp-json\/wp\/v2\/posts"}],"about":[{"href":"https:\/\/www.chemviron.eu\/es\/wp-json\/wp\/v2\/types\/post"}],"author":[{"embeddable":true,"href":"https:\/\/www.chemviron.eu\/es\/wp-json\/wp\/v2\/users\/2"}],"replies":[{"embeddable":true,"href":"https:\/\/www.chemviron.eu\/es\/wp-json\/wp\/v2\/comments?post=14263"}],"version-history":[{"count":1,"href":"https:\/\/www.chemviron.eu\/es\/wp-json\/wp\/v2\/posts\/14263\/revisions"}],"predecessor-version":[{"id":14264,"href":"https:\/\/www.chemviron.eu\/es\/wp-json\/wp\/v2\/posts\/14263\/revisions\/14264"}],"wp:attachment":[{"href":"https:\/\/www.chemviron.eu\/es\/wp-json\/wp\/v2\/media?parent=14263"}],"wp:term":[{"taxonomy":"category","embeddable":true,"href":"https:\/\/www.chemviron.eu\/es\/wp-json\/wp\/v2\/categories?post=14263"},{"taxonomy":"post_tag","embeddable":true,"href":"https:\/\/www.chemviron.eu\/es\/wp-json\/wp\/v2\/tags?post=14263"}],"curies":[{"name":"wp","href":"https:\/\/api.w.org\/{rel}","templated":true}]}}